[{"@context":"https:\/\/schema.org\/","@type":"Article","@id":"https:\/\/www.1875.cz\/luxfery-originalni-sklenene-tvarnice\/#Article","mainEntityOfPage":"https:\/\/www.1875.cz\/luxfery-originalni-sklenene-tvarnice\/","headline":"Luxfery \u2013 origin\u00e1ln\u00ed sklen\u011bn\u00e9 tv\u00e1rnice","name":"Luxfery \u2013 origin\u00e1ln\u00ed sklen\u011bn\u00e9 tv\u00e1rnice","description":"Ji\u017e d\u00e1vno je ta tam doba, kdy sklen\u011bn\u00e9 tv\u00e1rnice p\u0159ipom\u00ednaj\u00edc\u00ed pivn\u00ed p\u016fllitry ji\u017e z\u00a0d\u00e1lky bily do o\u010d\u00ed svou skoro nevzhlednost\u00ed. Nikdo se v\u0161ak na\u0161t\u011bst\u00ed nedal zastra\u0161it, a tak v\u00a0posledn\u00ed dob\u011b vznikly modern\u00ed luxfery, kter\u00e9 svou dokonalou originalitou opravdu zdob\u00ed nejeden interi\u00e9r. Sklen\u011bn\u00e9 tv\u00e1rnice nejen\u017ee pust\u00ed do interi\u00e9ru dostatek sv\u011btla, nav\u00edc ud\u011blaj\u00ed z\u00a0nepr\u016fhledn\u00e9 zdi pr\u016fhlednou. M\u00f3da [&hellip;]","datePublished":"2017-04-21","dateModified":"2023-06-02","author":{"@type":"Person","@id":"https:\/\/www.1875.cz\/author\/#Person","name":"","url":"https:\/\/www.1875.cz\/author\/","identifier":1,"image":{"@type":"ImageObject","@id":"https:\/\/secure.gravatar.com\/avatar\/5667bceccdce92893bac6a7981a373152a8b3fa0ab99c198ba0ac0b49a934248?s=96&d=mm&r=g","url":"https:\/\/secure.gravatar.com\/avatar\/5667bceccdce92893bac6a7981a373152a8b3fa0ab99c198ba0ac0b49a934248?s=96&d=mm&r=g","height":96,"width":96}},"publisher":{"@type":"Organization","name":"1875.cz","logo":{"@type":"ImageObject","@id":"\/logo.png","url":"\/logo.png","width":600,"height":60}},"image":{"@type":"ImageObject","@id":"https:\/\/www.1875.cz\/wp-content\/uploads\/img_a287389_w1789_t1498053435.jpg","url":"https:\/\/www.1875.cz\/wp-content\/uploads\/img_a287389_w1789_t1498053435.jpg","height":0,"width":0},"url":"https:\/\/www.1875.cz\/luxfery-originalni-sklenene-tvarnice\/","wordCount":392,"articleBody":"Ji\u017e d\u00e1vno je ta tam doba, kdy sklen\u011bn\u00e9 tv\u00e1rnice p\u0159ipom\u00ednaj\u00edc\u00ed pivn\u00ed p\u016fllitry ji\u017e z\u00a0d\u00e1lky bily do o\u010d\u00ed svou skoro nevzhlednost\u00ed. Nikdo se v\u0161ak na\u0161t\u011bst\u00ed nedal zastra\u0161it, a tak v\u00a0posledn\u00ed dob\u011b vznikly modern\u00ed luxfery, kter\u00e9 svou dokonalou originalitou opravdu zdob\u00ed nejeden interi\u00e9r. Sklen\u011bn\u00e9 tv\u00e1rnice nejen\u017ee pust\u00ed do interi\u00e9ru dostatek sv\u011btla, nav\u00edc ud\u011blaj\u00ed z\u00a0nepr\u016fhledn\u00e9 zdi pr\u016fhlednou. M\u00f3da luxfer\u016f se pomalu ale jist\u011b navrac\u00ed, a tak tyto sklen\u011bn\u00e9 tv\u00e1rnice zdob\u00ed \u0159adu modern\u00edch interi\u00e9r\u016f.Co je to luxferaLuxfera je sklen\u011bn\u00e1 tv\u00e1rnice, kter\u00e1 je slo\u017eena ze dvou \u010d\u00e1st\u00ed, kter\u00e9 jsou k\u00a0sob\u011b p\u0159ilo\u017eeny za tepla. D\u00edky tomu se mezi t\u011bmito dv\u011bma \u010d\u00e1stmi vytvo\u0159\u00ed vzduchov\u00fd prostor. Vznikne tak tlust\u00e9 sklo, kter\u00e9 sice propou\u0161t\u00ed sv\u011btlo, ale jinak je nepr\u016fhledn\u00e9, a nav\u00edc je zvukot\u011bsn\u00e9, tak\u017ee se nikdo nemus\u00ed ob\u00e1vat ztr\u00e1ty soukrom\u00ed.Luxfery jsou op\u011bt v\u00a0m\u00f3d\u011bLuxfery se st\u00e1vaj\u00ed doslova hitem dne\u0161n\u00ed doby, a to nejen proto, \u017ee opravdu skv\u011ble vypadaj\u00ed, ale tak\u00e9 proto, \u017ee na\u0161ly mnoha\u010detn\u00e9 vyu\u017eit\u00ed. Z\u00a0tohoto origin\u00e1ln\u00edho stavebn\u00edho prvku se snadno vytvo\u0159\u00ed p\u0159\u00ed\u010dky, d\u011bl\u00edc\u00ed st\u011bny, v\u00fdpln\u011b \u010di pr\u016fhledy, ale tak\u00e9 cel\u00e9 stropy nebo dokonce schody. Luxfery nejen\u017ee p\u0159iv\u00e1d\u00ed dostatek sv\u011btla do tmav\u00fdch prostor, ale tak\u00e9 skv\u011ble o\u017eiv\u00ed f\u00e1dn\u00ed interi\u00e9r. N\u00e1pady, kam luxfery um\u00edstit, prakticky nic neomezuje.Modern\u00ed luxfery\u010cir\u00e9 sklen\u011bn\u00e9 tv\u00e1rnice slou\u017e\u00edc\u00ed k\u00a0estetick\u00e9mu prosv\u011btlen\u00ed interi\u00e9ru nemusej\u00ed b\u00fdt v\u017edy jen jako b\u00edl\u00e9 \u010dtverce, jak je asi v\u011bt\u0161ina z\u00a0n\u00e1s zn\u00e1. Modern\u00ed design nab\u00edz\u00ed mnoho zaj\u00edmav\u00fdch n\u00e1pad\u016f od r\u016fzn\u011b velk\u00fdch form\u00e1t\u016f, p\u0159es mnoho barevn\u00fdch kombinac\u00ed, kter\u00e9 si nav\u00edc m\u016f\u017eete vybrat v\u00a0matn\u00e9 \u010di leskl\u00e9 verzi, ale tak\u00e9 hladk\u00e9 \u010di s dekorem. Vytvo\u0159it si tak m\u016f\u017eete mnoho zaj\u00edmav\u00fdch kombinac\u00ed, kter\u00e9 budou ve va\u0161em obydl\u00ed skv\u011ble vypadat.V\u00fdhody luxfer\u00b7\u00a0\u00a0\u00a0\u00a0\u00a0\u00a0\u00a0\u00a0 p\u0159iv\u00e1d\u011bj\u00ed sv\u011btlo do tmav\u00fdch prostor\u00b7\u00a0\u00a0\u00a0\u00a0\u00a0\u00a0\u00a0\u00a0 skv\u011bl\u00fd dekorativn\u00ed efekt\u00b7\u00a0\u00a0\u00a0\u00a0\u00a0\u00a0\u00a0\u00a0 skv\u011bl\u00fd zvukov\u00fd izolant\u00b7\u00a0\u00a0\u00a0\u00a0\u00a0\u00a0\u00a0\u00a0 dobr\u00e9 tepeln\u011b-izola\u010dn\u00ed vlastnosti                                                                                                                                                                                                                                                                                                                                                                                        3\/5 - (4 votes)        "},{"@context":"https:\/\/schema.org\/","@type":"BreadcrumbList","itemListElement":[{"@type":"ListItem","position":1,"name":"Luxfery \u2013 origin\u00e1ln\u00ed sklen\u011bn\u00e9 tv\u00e1rnice","item":"https:\/\/www.1875.cz\/luxfery-originalni-sklenene-tvarnice\/#breadcrumbitem"}]}]