[{"@context":"https:\/\/schema.org\/","@type":"Article","@id":"https:\/\/www.1875.cz\/zpevneni-a-posileni-svalu-spojene-s-prijemnym-odpocinkem\/#Article","mainEntityOfPage":"https:\/\/www.1875.cz\/zpevneni-a-posileni-svalu-spojene-s-prijemnym-odpocinkem\/","headline":"Zpevn\u011bn\u00ed a pos\u00edlen\u00ed sval\u016f spojen\u00e9 s p\u0159\u00edjemn\u00fdm odpo\u010dinkem","name":"Zpevn\u011bn\u00ed a pos\u00edlen\u00ed sval\u016f spojen\u00e9 s p\u0159\u00edjemn\u00fdm odpo\u010dinkem","description":"J\u00f3ga je skv\u011bl\u00fdm cvi\u010den\u00edm pro ka\u017ed\u00e9ho \u010dlov\u011bka opravdu v ka\u017ed\u00e9m v\u011bku se zam\u011b\u0159en\u00edm na spr\u00e1vn\u00e9 d\u00fdch\u00e1n\u00ed a tak\u00e9 uvoln\u011bn\u00ed spojen\u00e9 s pos\u00edlen\u00edm a zpevn\u011bn\u00edm sval\u016f cel\u00e9ho t\u011bla. I kdy\u017e je j\u00f3ga trochu n\u00e1ro\u010dn\u011bj\u0161\u00ed, tak ji m\u016f\u017ee zvl\u00e1dnout \u010dasem ka\u017ed\u00fd a v\u00fdsledky se dostavuj\u00ed opravdu rychle. Zapomenete p\u0159i n\u00ed od starost\u00ed v\u0161edn\u00edho dne, p\u0159estanete se zaj\u00edmat [&hellip;]","datePublished":"2023-06-02","dateModified":"2023-06-02","author":{"@type":"Person","@id":"https:\/\/www.1875.cz\/author\/#Person","name":"","url":"https:\/\/www.1875.cz\/author\/","identifier":1,"image":{"@type":"ImageObject","@id":"https:\/\/secure.gravatar.com\/avatar\/5667bceccdce92893bac6a7981a373152a8b3fa0ab99c198ba0ac0b49a934248?s=96&d=mm&r=g","url":"https:\/\/secure.gravatar.com\/avatar\/5667bceccdce92893bac6a7981a373152a8b3fa0ab99c198ba0ac0b49a934248?s=96&d=mm&r=g","height":96,"width":96}},"publisher":{"@type":"Organization","name":"1875.cz","logo":{"@type":"ImageObject","@id":"\/logo.png","url":"\/logo.png","width":600,"height":60}},"url":"https:\/\/www.1875.cz\/zpevneni-a-posileni-svalu-spojene-s-prijemnym-odpocinkem\/","about":["\u017divotn\u00ed styl"],"wordCount":495,"articleBody":"J\u00f3ga je skv\u011bl\u00fdm cvi\u010den\u00edm pro ka\u017ed\u00e9ho \u010dlov\u011bka opravdu v ka\u017ed\u00e9m v\u011bku se zam\u011b\u0159en\u00edm na spr\u00e1vn\u00e9 d\u00fdch\u00e1n\u00ed a tak\u00e9 uvoln\u011bn\u00ed spojen\u00e9 s pos\u00edlen\u00edm a zpevn\u011bn\u00edm sval\u016f cel\u00e9ho t\u011bla. I kdy\u017e je j\u00f3ga trochu n\u00e1ro\u010dn\u011bj\u0161\u00ed, tak ji m\u016f\u017ee zvl\u00e1dnout \u010dasem ka\u017ed\u00fd a v\u00fdsledky se dostavuj\u00ed opravdu rychle. Zapomenete p\u0159i n\u00ed od starost\u00ed v\u0161edn\u00edho dne, p\u0159estanete se zaj\u00edmat o okoln\u00ed sv\u011bt a soust\u0159ed\u00edte se pouze na sebe a sv\u00e9 t\u011blo. Jde o dokonal\u00e9 spojen\u00ed relaxace a posilov\u00e1n\u00ed. Toto opravdu v\u00fdjime\u010dn\u00e9 cvi\u010den\u00ed V\u00e1m nyn\u00ed p\u0159in\u00e1\u0161\u00edme i do Liberce a Vy si jej m\u016f\u017eete vyzkou\u0161et na vlastn\u00ed k\u016f\u017ei. Nemus\u00edte se ni\u010deho ob\u00e1vat. I kdy\u017e v\u011bt\u0161ina j\u00f3gov\u00fdch pozic vypad\u00e1, jakoby nebylo mo\u017en\u00e9 je ani prov\u00e9st, tak \u010dasem sami uvid\u00edte, \u017ee V\u00e1m p\u016fjdou. Je jasn\u00e9, \u017ee hned na za\u010d\u00e1tku nem\u016f\u017eete prov\u00e1d\u011bt pozice, kter\u00e9 p\u0159edv\u00e1d\u011bj\u00ed jog\u00edni, ale d\u00edky pravideln\u00e9mu protahov\u00e1n\u00ed a postupn\u00e9mu zpev\u0148ov\u00e1n\u00ed a tak\u00e9 uvoln\u011bn\u00ed Va\u0161\u00ed mysli se k nim zajist\u00e9 i Vy propracujete.Cvi\u010den\u00ed Liberec V\u00e1m nab\u00edz\u00ed power j\u00f3gu pro za\u010d\u00e1te\u010dn\u00edky. Power j\u00f3ga je o n\u011bco n\u00e1ro\u010dn\u011bj\u0161\u00ed a dynami\u010dt\u011bj\u0161\u00ed ne\u017e b\u011b\u017en\u00e1 j\u00f3ga, ale t\u00edm sp\u00ed\u0161e na sob\u011b uvid\u00edte zm\u011bny. Jeliko\u017e jde o cvi\u010den\u00ed Liberec pro za\u010d\u00e1te\u010dn\u00edky, tak je samoz\u0159ejm\u011b, \u017ee budeme postupovat pomaleji a za\u010dneme nejd\u0159\u00edve spr\u00e1vn\u00fdm d\u00fdch\u00e1n\u00edm a spr\u00e1vn\u00fdm dr\u017een\u00edm t\u011bla a postupem \u010dasu budeme p\u0159id\u00e1vat i slo\u017eit\u011bj\u0161\u00ed pozice. U j\u00f3gy, ale nejde jen o zpevn\u011bn\u00ed a pos\u00edlen\u00ed sval\u016f, ale tak\u00e9 o Va\u0161i mysl. I tu je pot\u0159eba tr\u00e9novat a pomoci j\u00ed se uvolnit. Probl\u00e9m toti\u017e \u010dasto b\u00fdv\u00e1 zako\u0159en\u011bn pr\u00e1v\u011b ve Va\u0161em my\u0161len\u00ed. Dokud si budete myslet, \u017ee danou pozici nem\u00e1te \u0161anci zvl\u00e1dnout, tak ji tak\u00e9 nezvl\u00e1dnete, ale jakmile si za\u010dnete v\u011b\u0159it, uvid\u00edte, jak V\u00e1m v\u0161echno p\u016fjde sn\u00e1z. Vyzkou\u0161ejte si toto dokonal\u00e9 v\u00fdchodn\u00ed cvi\u010den\u00ed v Liberci a nese\u010fte u\u017e jen doma p\u0159ed televiz\u00ed nebo p\u0159ed po\u010d\u00edta\u010dem. Budete p\u0159ekvapeni, jak\u00fd velk\u00fd vliv nejen na Va\u0161e t\u011blo, ale tak\u00e9 na Va\u0161i mysl bude m\u00edt j\u00f3ga. Budete se c\u00edtit l\u00e9pe, odpo\u010dinut\u00ed a ur\u010dit\u011b objev\u00edte i svaly, o kter\u00fdch jste doposud nem\u011bli ani tu\u0161en\u00ed. Zlep\u0161\u00edte sv\u00e9 dr\u017een\u00ed t\u011bla a tak\u00e9 V\u00e1s zajist\u00e9 opust\u00ed bolesti zad.                                                                                                                                                                                                                                                                                                                                                                                        4\/5 - (8 votes)        "},{"@context":"https:\/\/schema.org\/","@type":"BreadcrumbList","itemListElement":[{"@type":"ListItem","position":1,"name":"Zpevn\u011bn\u00ed a pos\u00edlen\u00ed sval\u016f spojen\u00e9 s p\u0159\u00edjemn\u00fdm odpo\u010dinkem","item":"https:\/\/www.1875.cz\/zpevneni-a-posileni-svalu-spojene-s-prijemnym-odpocinkem\/#breadcrumbitem"}]}]